{"id":41,"date":"2025-01-22T11:56:55","date_gmt":"2025-01-22T10:56:55","guid":{"rendered":"https:\/\/ps-architecte.fr\/?p=41"},"modified":"2025-01-22T16:35:14","modified_gmt":"2025-01-22T15:35:14","slug":"extension-du-gymnase-municipal-de-brumath","status":"publish","type":"post","link":"https:\/\/ps-architecte.fr\/index.php\/2025\/01\/22\/extension-du-gymnase-municipal-de-brumath\/","title":{"rendered":"EXTENSION DU GYMNASE DE BRUMATH"},"content":{"rendered":"\n<p>Extension du gymnase municipal de Brumath \u2013 architecture plafond bois enduit \u00e0 la chaux dalle b\u00e9ton<\/p>\n\n\n\n<p>Construction d\u2019un local de stockage<\/p>\n\n\n\n<ul class=\"wp-block-list\">\n<li>Ma\u00eetrise d\u2019ouvrage : Publique \u2013 Type : ERP<\/li>\n\n\n\n<li>Surface : 70 m\u00b2<\/li>\n\n\n\n<li>Montant de travaux : 127 000 \u20ac<\/li>\n\n\n\n<li>Mission : Base + EXE + OPC<\/li>\n\n\n\n<li>Collaboration : PS ARCHITECTE + Charles de Finance Architecte D.E.<\/li>\n<\/ul>\n\n\n\n<p>L\u2019objectif de ce projet est de r\u00e9pondre au besoin des associations et enseignants utilisateurs du gymnase, qui souhaitaient pouvoir stocker du mat\u00e9riel de sport, de cirque, et des agr\u00e8s, en acc\u00e8s direct de la salle de sport.<\/p>\n\n\n\n<p>Les principales probl\u00e9matiques sur lesquelles nous avons travaill\u00e9 \u00e9taient :<\/p>\n\n\n\n<ul class=\"wp-block-list\">\n<li>Implanter le local de stockage \u00e0 proximit\u00e9 imm\u00e9diate des activit\u00e9s sportives, avec une grande discr\u00e9tion et solidit\u00e9 afin de ne pas perturber les activit\u00e9s sportives, intenses sur le bords des terrains.<\/li>\n\n\n\n<li>R\u00e9aliser le chantier en site occup\u00e9, sans nuisances pour les activit\u00e9s qui se tiennent dans le gymnase tout au long de l\u2019ann\u00e9e.<\/li>\n<\/ul>\n\n\n\n<p><\/p>\n\n\n<div class=\"wp-block-image\">\n<figure class=\"aligncenter size-large\"><img loading=\"lazy\" decoding=\"async\" width=\"678\" height=\"1024\" src=\"https:\/\/ps-architecte.fr\/wp-content\/uploads\/2025\/01\/IMGP2960a-resized-little-sharpen-678x1024.jpg\" alt=\"\" class=\"wp-image-42\" srcset=\"https:\/\/ps-architecte.fr\/wp-content\/uploads\/2025\/01\/IMGP2960a-resized-little-sharpen-678x1024.jpg 678w, https:\/\/ps-architecte.fr\/wp-content\/uploads\/2025\/01\/IMGP2960a-resized-little-sharpen-199x300.jpg 199w, https:\/\/ps-architecte.fr\/wp-content\/uploads\/2025\/01\/IMGP2960a-resized-little-sharpen-768x1159.jpg 768w, https:\/\/ps-architecte.fr\/wp-content\/uploads\/2025\/01\/IMGP2960a-resized-little-sharpen-1018x1536.jpg 1018w, https:\/\/ps-architecte.fr\/wp-content\/uploads\/2025\/01\/IMGP2960a-resized-little-sharpen-1200x1811.jpg 1200w, https:\/\/ps-architecte.fr\/wp-content\/uploads\/2025\/01\/IMGP2960a-resized-little-sharpen.jpg 1325w\" sizes=\"auto, (max-width: 678px) 100vw, 678px\" \/><\/figure>\n<\/div>\n\n\n<figure class=\"wp-block-gallery has-nested-images columns-default is-cropped wp-block-gallery-1 is-layout-flex wp-block-gallery-is-layout-flex\">\n<figure class=\"wp-block-image size-large\"><img loading=\"lazy\" decoding=\"async\" width=\"678\" height=\"1024\" data-id=\"44\" src=\"https:\/\/ps-architecte.fr\/wp-content\/uploads\/2025\/01\/IMG_1054a-678x1024.jpg\" alt=\"\" class=\"wp-image-44\" srcset=\"https:\/\/ps-architecte.fr\/wp-content\/uploads\/2025\/01\/IMG_1054a-678x1024.jpg 678w, https:\/\/ps-architecte.fr\/wp-content\/uploads\/2025\/01\/IMG_1054a-199x300.jpg 199w, https:\/\/ps-architecte.fr\/wp-content\/uploads\/2025\/01\/IMG_1054a-768x1161.jpg 768w, https:\/\/ps-architecte.fr\/wp-content\/uploads\/2025\/01\/IMG_1054a.jpg 847w\" sizes=\"auto, (max-width: 678px) 100vw, 678px\" \/><\/figure>\n\n\n\n<figure class=\"wp-block-image size-large\"><img loading=\"lazy\" decoding=\"async\" width=\"768\" height=\"1024\" data-id=\"47\" src=\"https:\/\/ps-architecte.fr\/wp-content\/uploads\/2025\/01\/IMG_1061ab-768x1024.jpg\" alt=\"\" class=\"wp-image-47\" srcset=\"https:\/\/ps-architecte.fr\/wp-content\/uploads\/2025\/01\/IMG_1061ab-768x1024.jpg 768w, https:\/\/ps-architecte.fr\/wp-content\/uploads\/2025\/01\/IMG_1061ab-225x300.jpg 225w, https:\/\/ps-architecte.fr\/wp-content\/uploads\/2025\/01\/IMG_1061ab-1152x1536.jpg 1152w, https:\/\/ps-architecte.fr\/wp-content\/uploads\/2025\/01\/IMG_1061ab-1536x2048.jpg 1536w, https:\/\/ps-architecte.fr\/wp-content\/uploads\/2025\/01\/IMG_1061ab-1200x1600.jpg 1200w, https:\/\/ps-architecte.fr\/wp-content\/uploads\/2025\/01\/IMG_1061ab-1860x2480.jpg 1860w, https:\/\/ps-architecte.fr\/wp-content\/uploads\/2025\/01\/IMG_1061ab-scaled.jpg 1920w\" sizes=\"auto, (max-width: 768px) 100vw, 768px\" \/><\/figure>\n\n\n\n<figure class=\"wp-block-image size-large\"><img loading=\"lazy\" decoding=\"async\" width=\"768\" height=\"1024\" data-id=\"46\" src=\"https:\/\/ps-architecte.fr\/wp-content\/uploads\/2025\/01\/IMGP3774-4-3-vertical-768x1024.jpg\" alt=\"\" class=\"wp-image-46\" srcset=\"https:\/\/ps-architecte.fr\/wp-content\/uploads\/2025\/01\/IMGP3774-4-3-vertical-768x1024.jpg 768w, https:\/\/ps-architecte.fr\/wp-content\/uploads\/2025\/01\/IMGP3774-4-3-vertical-225x300.jpg 225w, https:\/\/ps-architecte.fr\/wp-content\/uploads\/2025\/01\/IMGP3774-4-3-vertical-1152x1536.jpg 1152w, https:\/\/ps-architecte.fr\/wp-content\/uploads\/2025\/01\/IMGP3774-4-3-vertical-1536x2048.jpg 1536w, https:\/\/ps-architecte.fr\/wp-content\/uploads\/2025\/01\/IMGP3774-4-3-vertical-1200x1600.jpg 1200w, https:\/\/ps-architecte.fr\/wp-content\/uploads\/2025\/01\/IMGP3774-4-3-vertical-1860x2480.jpg 1860w, https:\/\/ps-architecte.fr\/wp-content\/uploads\/2025\/01\/IMGP3774-4-3-vertical-scaled.jpg 1920w\" sizes=\"auto, (max-width: 768px) 100vw, 768px\" \/><\/figure>\n\n\n\n<figure class=\"wp-block-image size-large\"><img loading=\"lazy\" decoding=\"async\" width=\"1024\" height=\"678\" data-id=\"45\" src=\"https:\/\/ps-architecte.fr\/wp-content\/uploads\/2025\/01\/photo_2023-02-28_16-11-17-1024x678.jpg\" alt=\"\" class=\"wp-image-45\" srcset=\"https:\/\/ps-architecte.fr\/wp-content\/uploads\/2025\/01\/photo_2023-02-28_16-11-17-1024x678.jpg 1024w, https:\/\/ps-architecte.fr\/wp-content\/uploads\/2025\/01\/photo_2023-02-28_16-11-17-300x199.jpg 300w, https:\/\/ps-architecte.fr\/wp-content\/uploads\/2025\/01\/photo_2023-02-28_16-11-17-768x509.jpg 768w, https:\/\/ps-architecte.fr\/wp-content\/uploads\/2025\/01\/photo_2023-02-28_16-11-17-1200x795.jpg 1200w, https:\/\/ps-architecte.fr\/wp-content\/uploads\/2025\/01\/photo_2023-02-28_16-11-17.jpg 1280w\" sizes=\"auto, (max-width: 1024px) 100vw, 1024px\" \/><\/figure>\n\n\n\n<figure class=\"wp-block-image size-large\"><img loading=\"lazy\" decoding=\"async\" width=\"1024\" height=\"678\" data-id=\"43\" src=\"https:\/\/ps-architecte.fr\/wp-content\/uploads\/2025\/01\/photo_2023-09-21_14-48-27-1024x678.jpg\" alt=\"\" class=\"wp-image-43\" srcset=\"https:\/\/ps-architecte.fr\/wp-content\/uploads\/2025\/01\/photo_2023-09-21_14-48-27-1024x678.jpg 1024w, https:\/\/ps-architecte.fr\/wp-content\/uploads\/2025\/01\/photo_2023-09-21_14-48-27-300x199.jpg 300w, https:\/\/ps-architecte.fr\/wp-content\/uploads\/2025\/01\/photo_2023-09-21_14-48-27-768x509.jpg 768w, https:\/\/ps-architecte.fr\/wp-content\/uploads\/2025\/01\/photo_2023-09-21_14-48-27-1200x795.jpg 1200w, https:\/\/ps-architecte.fr\/wp-content\/uploads\/2025\/01\/photo_2023-09-21_14-48-27.jpg 1280w\" sizes=\"auto, (max-width: 1024px) 100vw, 1024px\" \/><\/figure>\n<\/figure>\n","protected":false},"excerpt":{"rendered":"<p>Extension du gymnase municipal de Brumath \u2013 architecture plafond bois enduit \u00e0 la chaux dalle b\u00e9ton Construction d\u2019un local de stockage L\u2019objectif de ce projet est de r\u00e9pondre au besoin des associations et enseignants utilisateurs du gymnase, qui souhaitaient pouvoir stocker du mat\u00e9riel de sport, de cirque, et des agr\u00e8s, en acc\u00e8s direct de la [&hellip;]<\/p>\n","protected":false},"author":1,"featured_media":48,"comment_status":"closed","ping_status":"open","sticky":true,"template":"","format":"standard","meta":{"advanced_seo_description":"","jetpack_seo_html_title":"","jetpack_seo_noindex":false,"_jetpack_memberships_contains_paid_content":false,"footnotes":""},"categories":[1],"tags":[25,26,7],"class_list":["post-41","post","type-post","status-publish","format-standard","has-post-thumbnail","hentry","category-non-classe","tag-brique-monomur","tag-etancheite-epdm","tag-extension","has-thumbnail"],"jetpack_featured_media_url":"https:\/\/ps-architecte.fr\/wp-content\/uploads\/2025\/01\/10web-2tiers.jpg","jetpack_sharing_enabled":true,"_links":{"self":[{"href":"https:\/\/ps-architecte.fr\/index.php\/wp-json\/wp\/v2\/posts\/41","targetHints":{"allow":["GET"]}}],"collection":[{"href":"https:\/\/ps-architecte.fr\/index.php\/wp-json\/wp\/v2\/posts"}],"about":[{"href":"https:\/\/ps-architecte.fr\/index.php\/wp-json\/wp\/v2\/types\/post"}],"author":[{"embeddable":true,"href":"https:\/\/ps-architecte.fr\/index.php\/wp-json\/wp\/v2\/users\/1"}],"replies":[{"embeddable":true,"href":"https:\/\/ps-architecte.fr\/index.php\/wp-json\/wp\/v2\/comments?post=41"}],"version-history":[{"count":3,"href":"https:\/\/ps-architecte.fr\/index.php\/wp-json\/wp\/v2\/posts\/41\/revisions"}],"predecessor-version":[{"id":76,"href":"https:\/\/ps-architecte.fr\/index.php\/wp-json\/wp\/v2\/posts\/41\/revisions\/76"}],"wp:featuredmedia":[{"embeddable":true,"href":"https:\/\/ps-architecte.fr\/index.php\/wp-json\/wp\/v2\/media\/48"}],"wp:attachment":[{"href":"https:\/\/ps-architecte.fr\/index.php\/wp-json\/wp\/v2\/media?parent=41"}],"wp:term":[{"taxonomy":"category","embeddable":true,"href":"https:\/\/ps-architecte.fr\/index.php\/wp-json\/wp\/v2\/categories?post=41"},{"taxonomy":"post_tag","embeddable":true,"href":"https:\/\/ps-architecte.fr\/index.php\/wp-json\/wp\/v2\/tags?post=41"}],"curies":[{"name":"wp","href":"https:\/\/api.w.org\/{rel}","templated":true}]}}